{"id":330,"date":"2015-11-08T18:34:06","date_gmt":"2015-11-08T22:34:06","guid":{"rendered":"http:\/\/puellaro.gob.ec\/pichincha\/?p=330"},"modified":"2017-05-01T21:22:40","modified_gmt":"2017-05-02T01:22:40","slug":"puellaro-presente-en-el-xxiii-encuentro-de-las-culturas-de-las-parroquias-rurales","status":"publish","type":"post","link":"https:\/\/puellaro.gob.ec\/pichincha\/?p=330","title":{"rendered":"PU\u00c9LLARO PRESENTE EN EL XXIII ENCUENTRO DE LAS CULTURAS DE LAS PARROQUIAS RURALES"},"content":{"rendered":"<p>&nbsp;<\/p>\n<p><a href=\"http:\/\/puellaro.gob.ec\/pichincha\/wp-content\/uploads\/2015\/11\/20150829_104748.jpg\"><img loading=\"lazy\" decoding=\"async\" class=\"alignnone  wp-image-332\" src=\"http:\/\/puellaro.gob.ec\/pichincha\/wp-content\/uploads\/2015\/11\/20150829_104748.jpg\" alt=\"20150829_104748\" width=\"549\" height=\"309\" data-id=\"332\" srcset=\"https:\/\/puellaro.gob.ec\/pichincha\/wp-content\/uploads\/2015\/11\/20150829_104748.jpg 700w, https:\/\/puellaro.gob.ec\/pichincha\/wp-content\/uploads\/2015\/11\/20150829_104748-300x169.jpg 300w\" sizes=\"auto, (max-width: 549px) 100vw, 549px\" \/><\/a> <!--more--><a href=\"http:\/\/puellaro.gob.ec\/pichincha\/wp-content\/uploads\/2015\/11\/20150829_105911.jpg\"><img loading=\"lazy\" decoding=\"async\" class=\"alignnone size-full wp-image-333\" src=\"http:\/\/puellaro.gob.ec\/pichincha\/wp-content\/uploads\/2015\/11\/20150829_105911.jpg\" alt=\"20150829_105911\" width=\"700\" height=\"394\" data-id=\"333\" srcset=\"https:\/\/puellaro.gob.ec\/pichincha\/wp-content\/uploads\/2015\/11\/20150829_105911.jpg 700w, https:\/\/puellaro.gob.ec\/pichincha\/wp-content\/uploads\/2015\/11\/20150829_105911-300x169.jpg 300w\" sizes=\"auto, (max-width: 700px) 100vw, 700px\" \/><\/a> <a href=\"http:\/\/puellaro.gob.ec\/pichincha\/wp-content\/uploads\/2015\/11\/20150829_122928.jpg\"><img loading=\"lazy\" decoding=\"async\" class=\"alignnone size-full wp-image-334\" src=\"http:\/\/puellaro.gob.ec\/pichincha\/wp-content\/uploads\/2015\/11\/20150829_122928.jpg\" alt=\"20150829_122928\" width=\"700\" height=\"394\" data-id=\"334\" srcset=\"https:\/\/puellaro.gob.ec\/pichincha\/wp-content\/uploads\/2015\/11\/20150829_122928.jpg 700w, https:\/\/puellaro.gob.ec\/pichincha\/wp-content\/uploads\/2015\/11\/20150829_122928-300x169.jpg 300w\" sizes=\"auto, (max-width: 700px) 100vw, 700px\" \/><\/a><\/p>\n<p>La delegaci\u00f3n de Pu\u00e9llaro que asisti\u00f3 al encuentro en la hermana parroquia de Lloa.<\/p>\n","protected":false},"excerpt":{"rendered":"<p>&nbsp;<\/p>\n","protected":false},"author":1,"featured_media":332,"comment_status":"closed","ping_status":"closed","sticky":false,"template":"","format":"standard","meta":{"footnotes":""},"categories":[1],"tags":[],"class_list":["post-330","post","type-post","status-publish","format-standard","has-post-thumbnail","hentry","category-sin-categoria"],"_links":{"self":[{"href":"https:\/\/puellaro.gob.ec\/pichincha\/index.php?rest_route=\/wp\/v2\/posts\/330","targetHints":{"allow":["GET"]}}],"collection":[{"href":"https:\/\/puellaro.gob.ec\/pichincha\/index.php?rest_route=\/wp\/v2\/posts"}],"about":[{"href":"https:\/\/puellaro.gob.ec\/pichincha\/index.php?rest_route=\/wp\/v2\/types\/post"}],"author":[{"embeddable":true,"href":"https:\/\/puellaro.gob.ec\/pichincha\/index.php?rest_route=\/wp\/v2\/users\/1"}],"replies":[{"embeddable":true,"href":"https:\/\/puellaro.gob.ec\/pichincha\/index.php?rest_route=%2Fwp%2Fv2%2Fcomments&post=330"}],"version-history":[{"count":3,"href":"https:\/\/puellaro.gob.ec\/pichincha\/index.php?rest_route=\/wp\/v2\/posts\/330\/revisions"}],"predecessor-version":[{"id":1005,"href":"https:\/\/puellaro.gob.ec\/pichincha\/index.php?rest_route=\/wp\/v2\/posts\/330\/revisions\/1005"}],"wp:featuredmedia":[{"embeddable":true,"href":"https:\/\/puellaro.gob.ec\/pichincha\/index.php?rest_route=\/wp\/v2\/media\/332"}],"wp:attachment":[{"href":"https:\/\/puellaro.gob.ec\/pichincha\/index.php?rest_route=%2Fwp%2Fv2%2Fmedia&parent=330"}],"wp:term":[{"taxonomy":"category","embeddable":true,"href":"https:\/\/puellaro.gob.ec\/pichincha\/index.php?rest_route=%2Fwp%2Fv2%2Fcategories&post=330"},{"taxonomy":"post_tag","embeddable":true,"href":"https:\/\/puellaro.gob.ec\/pichincha\/index.php?rest_route=%2Fwp%2Fv2%2Ftags&post=330"}],"curies":[{"name":"wp","href":"https:\/\/api.w.org\/{rel}","templated":true}]}}